{"id":779,"date":"2022-11-29T11:42:41","date_gmt":"2022-11-29T11:42:41","guid":{"rendered":"https:\/\/brydz.wielun.pl\/?p=779"},"modified":"2022-11-29T16:01:33","modified_gmt":"2022-11-29T16:01:33","slug":"xli-turniej-brydza-wielun-28-11-2022","status":"publish","type":"post","link":"https:\/\/brydz.wielun.pl\/index.php\/2022\/11\/29\/xli-turniej-brydza-wielun-28-11-2022\/","title":{"rendered":"XLI TURNIEJ BRYD\u017bA &#8211; WIELU\u0143, 28.11.2022"},"content":{"rendered":"\n<p class=\"has-drop-cap has-text-align-justify wp-block-paragraph\">Poniedzia\u0142kowy wiecz\u00f3r, sp\u0119dzony w go\u015bcinnych progach <strong>Wielu\u0144skiego Domu Kultury<\/strong> na kolejnym turnieju bryd\u017cowym, tym razem by\u0142 szcz\u0119\u015bliwy i radosny dla naszych <strong>Wielu\u0144skich Nestor\u00f3w Bryd\u017ca Sportowego Ireneusza Starczyka i Tadeusza Olejnika,<\/strong> kt\u00f3rzy wsp\u00f3lnie z <strong>Tuzami Bryd\u017cowymi Ry\u015bkiem W\u00f3jtowiczem i W\u0142odkiem Pocztowskim<\/strong> zwyci\u0119\u017cyli w zawodach. Dlatego szczeg\u00f3lne gratulacje nale\u017c\u0105 si\u0119 <strong>Starszym Panom,<\/strong> gdy\u017c nie dali si\u0119 wyprzedzi\u0107 nawet <strong>Tuzom Bryd\u017cowym,<\/strong> a wszystkich pozsta\u0142ych uczestnik\u00f3w zostawili za sob\u0105. Podium uzupe\u0142nili <strong>Waldek Wolniaczyk i Heniek Krekora,<\/strong> w czym wydatnie wspom\u00f3g\u0142 ich pisz\u0105cy ten komentarz, dostarczaj\u0105c im tylko w dw\u00f3ch ostatnich rozdaniach 17 IMP.  Ciekawostk\u0105 jest fakt, \u017ce w sumie uzbierali tych IMP-\u00f3w 16&#8230; Ale taki jest bryd\u017c. Komentuj\u0105cy musi ten fakt zapisa\u0107 sobie w poczet swoich &#8222;ujemnych zas\u0142ug turniejowych&#8221; i tak te\u017c czyni&#8230;<\/p>\n\n\n<div class=\"wp-block-image is-style-editorskit-rounded\">\n<figure class=\"aligncenter size-large\"><img loading=\"lazy\" decoding=\"async\" width=\"768\" height=\"1024\" src=\"https:\/\/brydz.wielun.pl\/wp-content\/uploads\/2022\/11\/IMG20221128212649-768x1024.jpg\" alt=\"\" class=\"wp-image-780\" srcset=\"https:\/\/brydz.wielun.pl\/wp-content\/uploads\/2022\/11\/IMG20221128212649-768x1024.jpg 768w, https:\/\/brydz.wielun.pl\/wp-content\/uploads\/2022\/11\/IMG20221128212649-225x300.jpg 225w, https:\/\/brydz.wielun.pl\/wp-content\/uploads\/2022\/11\/IMG20221128212649-1152x1536.jpg 1152w, https:\/\/brydz.wielun.pl\/wp-content\/uploads\/2022\/11\/IMG20221128212649-1536x2048.jpg 1536w, https:\/\/brydz.wielun.pl\/wp-content\/uploads\/2022\/11\/IMG20221128212649-scaled.jpg 1920w\" sizes=\"auto, (max-width: 768px) 100vw, 768px\" \/><figcaption class=\"wp-element-caption\"><em><span style=\"background-color:#fcb900\" class=\"has-inline-background\">Turniejowi Herosi: Rysiek W\u00f3jtowicz, W\u0142odek Pocztowki, Ireneusz Starczyk, Tadeusz Olejnik <\/span><\/em><br><em><span style=\"background-color:#fcb900\" class=\"has-inline-background\">oraz Waldek Wolniaczyk i Heniek Krekora<\/span><\/em><\/figcaption><\/figure>\n<\/div>\n\n\n<p class=\"wp-block-paragraph\">Pe\u0142na dokumentacja turnieju wraz z rozk\u0142adami kart, analiz\u0105 rozda\u0144, tak\u017ce protoko\u0142ami rozda\u0144 na wszystkich sto\u0142ach oraz histori\u0105 par znajduje si\u0119 w zak\u0142adce WYNIKI lub pod linkiem:&nbsp;<a href=\"https:\/\/brydz.wielun.pl\/wyniki\/41tp\/\">XLI Turniej par \u2013 Wielu\u0144, 28.11.2022 r.<\/a>&nbsp;Klasyfikacja generalna podobnie \u2013 w zak\u0142adce D\u0141UGA FALA, lub pod linkiem:&nbsp;<a href=\"https:\/\/brydz.wielun.pl\/wyniki\/DF2022\/\">KLASYFIKACJA D\u0141UGOFALOWA ZA ROK 2022<\/a>.<\/p>\n\n\n\n<p class=\"wp-block-paragraph\"><strong>Na kolejny turniej zapraszam w poniedzia\u0142ek, 5 grudnia na godzin\u0119 17<sup>00<\/sup>, tradycyjnie do Wielu\u0144skiego Domu Kultury, przy Krakowskim Przedmie\u015bciu 5.<\/strong><\/p>\n\n\n\n<p class=\"has-text-align-right wp-block-paragraph\"><em>Janusz Ku\u015bmierczyk<\/em><\/p>\n","protected":false},"excerpt":{"rendered":"<p>Poniedzia\u0142kowy wiecz\u00f3r, sp\u0119dzony w go\u015bcinnych progach Wielu\u0144skiego Domu Kultury na kolejnym turnieju bryd\u017cowym, tym razem by\u0142 szcz\u0119\u015bliwy i radosny dla naszych Wielu\u0144skich Nestor\u00f3w Bryd\u017ca Sportowego Ireneusza Starczyka i Tadeusza Olejnika, kt\u00f3rzy wsp\u00f3lnie z Tuzami Bryd\u017cowymi Ry\u015bkiem W\u00f3jtowiczem i W\u0142odkiem Pocztowskim zwyci\u0119\u017cyli w zawodach. Dlatego szczeg\u00f3lne gratulacje nale\u017c\u0105 si\u0119 Starszym Panom, gdy\u017c nie dali si\u0119 wyprzedzi\u0107 [&hellip;]<\/p>\n","protected":false},"author":2,"featured_media":478,"comment_status":"closed","ping_status":"","sticky":false,"template":"","format":"standard","meta":{"_editorskit_title_hidden":false,"_editorskit_reading_time":1,"_editorskit_is_block_options_detached":false,"_editorskit_block_options_position":"{}","footnotes":""},"categories":[1],"tags":[8],"class_list":["post-779","post","type-post","status-publish","format-standard","has-post-thumbnail","hentry","category-uncategorized","tag-turniej"],"_links":{"self":[{"href":"https:\/\/brydz.wielun.pl\/index.php\/wp-json\/wp\/v2\/posts\/779","targetHints":{"allow":["GET"]}}],"collection":[{"href":"https:\/\/brydz.wielun.pl\/index.php\/wp-json\/wp\/v2\/posts"}],"about":[{"href":"https:\/\/brydz.wielun.pl\/index.php\/wp-json\/wp\/v2\/types\/post"}],"author":[{"embeddable":true,"href":"https:\/\/brydz.wielun.pl\/index.php\/wp-json\/wp\/v2\/users\/2"}],"replies":[{"embeddable":true,"href":"https:\/\/brydz.wielun.pl\/index.php\/wp-json\/wp\/v2\/comments?post=779"}],"version-history":[{"count":4,"href":"https:\/\/brydz.wielun.pl\/index.php\/wp-json\/wp\/v2\/posts\/779\/revisions"}],"predecessor-version":[{"id":788,"href":"https:\/\/brydz.wielun.pl\/index.php\/wp-json\/wp\/v2\/posts\/779\/revisions\/788"}],"wp:featuredmedia":[{"embeddable":true,"href":"https:\/\/brydz.wielun.pl\/index.php\/wp-json\/wp\/v2\/media\/478"}],"wp:attachment":[{"href":"https:\/\/brydz.wielun.pl\/index.php\/wp-json\/wp\/v2\/media?parent=779"}],"wp:term":[{"taxonomy":"category","embeddable":true,"href":"https:\/\/brydz.wielun.pl\/index.php\/wp-json\/wp\/v2\/categories?post=779"},{"taxonomy":"post_tag","embeddable":true,"href":"https:\/\/brydz.wielun.pl\/index.php\/wp-json\/wp\/v2\/tags?post=779"}],"curies":[{"name":"wp","href":"https:\/\/api.w.org\/{rel}","templated":true}]}}